{"id":23729,"date":"2024-11-14T08:00:00","date_gmt":"2024-11-14T06:00:00","guid":{"rendered":"https:\/\/noupasseigmaritimdepalma.portsdebalears.com\/?p=23729"},"modified":"2024-11-13T20:07:38","modified_gmt":"2024-11-13T18:07:38","slug":"restriccion-temporal-del-trafico-rodado-en-el-paseo-maritimo-frente-a-la-torre-de-paraires","status":"publish","type":"post","link":"https:\/\/noupasseigmaritimdepalma.portsdebalears.com\/es\/noticias\/restriccion-temporal-del-trafico-rodado-en-el-paseo-maritimo-frente-a-la-torre-de-paraires\/","title":{"rendered":"Restricci\u00f3n temporal del tr\u00e1fico rodado en el paseo Mar\u00edtimo frente a la torre de Paraires"},"content":{"rendered":"\n<p><strong>Jueves, 14 de noviembre de 2024.<\/strong> La Autoridad Portuaria de Baleares (APB) informa de que debido a la ejecuci\u00f3n del nuevo acceso a las estaciones mar\u00edtimas de los muelles de Poniente y Paraires, el tr\u00e1fico rodado en la zona frente a la torre de Paraires estar\u00e1 temporalmente restringido a un carril por sentido durante aproximadamente un mes, entre el 19 de noviembre y el 20 de diciembre.<\/p>\n\n\n\n<p>Durante este per\u00edodo, los veh\u00edculos que circulen en direcci\u00f3n aeropuerto, podr\u00e1n acceder a las estaciones mar\u00edtimas 1, 2, 3 y 4, a trav\u00e9s de las calles Joan Mir\u00f3, Porto Pi y el puente de Paraires.<\/p>\n\n\n\n<p>El acceso en sentido Andratx no sufrir\u00e1 modificaciones, manteni\u00e9ndose el itinerario actual por la calle Porto Pi y el puente de Paraires.<\/p>\n\n\n\n<p><\/p>\n","protected":false},"excerpt":{"rendered":"<p>Jueves, 14 de noviembre de 2024. La Autoridad Portuaria de Baleares (APB) informa de que debido a la ejecuci\u00f3n del nuevo acceso a las estaciones mar\u00edtimas de los muelles de Poniente y Paraires, el tr\u00e1fico rodado en la zona frente a&#8230;<\/p>\n","protected":false},"author":4,"featured_media":23733,"comment_status":"open","ping_status":"open","sticky":false,"template":"","format":"standard","meta":{"footnotes":""},"categories":[77],"tags":[],"class_list":["post-23729","post","type-post","status-publish","format-standard","has-post-thumbnail","hentry","category-noticias"],"aioseo_notices":[],"_links":{"self":[{"href":"https:\/\/noupasseigmaritimdepalma.portsdebalears.com\/es\/wp-json\/wp\/v2\/posts\/23729","targetHints":{"allow":["GET"]}}],"collection":[{"href":"https:\/\/noupasseigmaritimdepalma.portsdebalears.com\/es\/wp-json\/wp\/v2\/posts"}],"about":[{"href":"https:\/\/noupasseigmaritimdepalma.portsdebalears.com\/es\/wp-json\/wp\/v2\/types\/post"}],"author":[{"embeddable":true,"href":"https:\/\/noupasseigmaritimdepalma.portsdebalears.com\/es\/wp-json\/wp\/v2\/users\/4"}],"replies":[{"embeddable":true,"href":"https:\/\/noupasseigmaritimdepalma.portsdebalears.com\/es\/wp-json\/wp\/v2\/comments?post=23729"}],"version-history":[{"count":1,"href":"https:\/\/noupasseigmaritimdepalma.portsdebalears.com\/es\/wp-json\/wp\/v2\/posts\/23729\/revisions"}],"predecessor-version":[{"id":23736,"href":"https:\/\/noupasseigmaritimdepalma.portsdebalears.com\/es\/wp-json\/wp\/v2\/posts\/23729\/revisions\/23736"}],"wp:featuredmedia":[{"embeddable":true,"href":"https:\/\/noupasseigmaritimdepalma.portsdebalears.com\/es\/wp-json\/wp\/v2\/media\/23733"}],"wp:attachment":[{"href":"https:\/\/noupasseigmaritimdepalma.portsdebalears.com\/es\/wp-json\/wp\/v2\/media?parent=23729"}],"wp:term":[{"taxonomy":"category","embeddable":true,"href":"https:\/\/noupasseigmaritimdepalma.portsdebalears.com\/es\/wp-json\/wp\/v2\/categories?post=23729"},{"taxonomy":"post_tag","embeddable":true,"href":"https:\/\/noupasseigmaritimdepalma.portsdebalears.com\/es\/wp-json\/wp\/v2\/tags?post=23729"}],"curies":[{"name":"wp","href":"https:\/\/api.w.org\/{rel}","templated":true}]}}