{"id":23541,"date":"2024-10-16T11:24:31","date_gmt":"2024-10-16T09:24:31","guid":{"rendered":"https:\/\/noupasseigmaritimdepalma.portsdebalears.com\/?p=23541"},"modified":"2024-10-16T11:24:32","modified_gmt":"2024-10-16T09:24:32","slug":"cierre-temporal-del-aparcamiento-de-autocares-en-el-muelle-de-golondrinas","status":"publish","type":"post","link":"https:\/\/noupasseigmaritimdepalma.portsdebalears.com\/es\/noticias\/cierre-temporal-del-aparcamiento-de-autocares-en-el-muelle-de-golondrinas\/","title":{"rendered":"Cierre temporal del aparcamiento de autocares en el muelle de Golondrinas"},"content":{"rendered":"\n<p><strong>Mi\u00e9rcoles, 16 de octubre de 2024.<\/strong> La Autoridad Portuaria de Baleares (APB) informa que, debido a la instalaci\u00f3n de fibra \u00f3ptica, los d\u00edas 23, 24 y 25 de octubre, el aparcamiento de autocares ubicado en el muelle de Tr\u00e1fico Local (muelle de Golondrinas) quedar\u00e1 temporalmente inhabilitado.<\/p>\n\n\n\n<p>Para minimizar las molestias, los trabajos se realizar\u00e1n de manera escalonada, garantizando en todo momento espacio suficiente para el estacionamiento de al menos cuatro autocares.<\/p>\n\n\n\n<p><\/p>\n","protected":false},"excerpt":{"rendered":"<p>Mi\u00e9rcoles, 16 de octubre de 2024. La Autoridad Portuaria de Baleares (APB) informa que, debido a la instalaci\u00f3n de fibra \u00f3ptica, los d\u00edas 23, 24 y 25 de octubre, el aparcamiento de autocares ubicado en el muelle de Tr\u00e1fico Local (muelle&#8230;<\/p>\n","protected":false},"author":4,"featured_media":23542,"comment_status":"open","ping_status":"open","sticky":false,"template":"","format":"standard","meta":{"footnotes":""},"categories":[77],"tags":[],"class_list":["post-23541","post","type-post","status-publish","format-standard","has-post-thumbnail","hentry","category-noticias"],"aioseo_notices":[],"_links":{"self":[{"href":"https:\/\/noupasseigmaritimdepalma.portsdebalears.com\/es\/wp-json\/wp\/v2\/posts\/23541","targetHints":{"allow":["GET"]}}],"collection":[{"href":"https:\/\/noupasseigmaritimdepalma.portsdebalears.com\/es\/wp-json\/wp\/v2\/posts"}],"about":[{"href":"https:\/\/noupasseigmaritimdepalma.portsdebalears.com\/es\/wp-json\/wp\/v2\/types\/post"}],"author":[{"embeddable":true,"href":"https:\/\/noupasseigmaritimdepalma.portsdebalears.com\/es\/wp-json\/wp\/v2\/users\/4"}],"replies":[{"embeddable":true,"href":"https:\/\/noupasseigmaritimdepalma.portsdebalears.com\/es\/wp-json\/wp\/v2\/comments?post=23541"}],"version-history":[{"count":1,"href":"https:\/\/noupasseigmaritimdepalma.portsdebalears.com\/es\/wp-json\/wp\/v2\/posts\/23541\/revisions"}],"predecessor-version":[{"id":23545,"href":"https:\/\/noupasseigmaritimdepalma.portsdebalears.com\/es\/wp-json\/wp\/v2\/posts\/23541\/revisions\/23545"}],"wp:featuredmedia":[{"embeddable":true,"href":"https:\/\/noupasseigmaritimdepalma.portsdebalears.com\/es\/wp-json\/wp\/v2\/media\/23542"}],"wp:attachment":[{"href":"https:\/\/noupasseigmaritimdepalma.portsdebalears.com\/es\/wp-json\/wp\/v2\/media?parent=23541"}],"wp:term":[{"taxonomy":"category","embeddable":true,"href":"https:\/\/noupasseigmaritimdepalma.portsdebalears.com\/es\/wp-json\/wp\/v2\/categories?post=23541"},{"taxonomy":"post_tag","embeddable":true,"href":"https:\/\/noupasseigmaritimdepalma.portsdebalears.com\/es\/wp-json\/wp\/v2\/tags?post=23541"}],"curies":[{"name":"wp","href":"https:\/\/api.w.org\/{rel}","templated":true}]}}