{"id":23524,"date":"2024-10-07T10:56:43","date_gmt":"2024-10-07T08:56:43","guid":{"rendered":"https:\/\/noupasseigmaritimdepalma.portsdebalears.com\/?p=23524"},"modified":"2024-10-07T10:58:13","modified_gmt":"2024-10-07T08:58:13","slug":"inhabilitacion-temporal-del-carril-derecho-de-salida-del-paseo-maritimo-en-direccion-andratx","status":"publish","type":"post","link":"https:\/\/noupasseigmaritimdepalma.portsdebalears.com\/es\/noticias\/inhabilitacion-temporal-del-carril-derecho-de-salida-del-paseo-maritimo-en-direccion-andratx\/","title":{"rendered":"Inhabilitaci\u00f3n temporal del carril derecho de salida del paseo Mar\u00edtimo en direcci\u00f3n Andratx"},"content":{"rendered":"\n<p><strong>Lunes, 7 de octubre de 2024.<\/strong> La Autoridad Portuaria de Baleares (APB) informa que desde hoy, lunes 7 de octubre, y durante un per\u00edodo aproximado de quince d\u00edas, el carril derecho de salida del paseo Mar\u00edtimo, en direcci\u00f3n a Andratx, permanecer\u00e1 inhabilitado al tr\u00e1fico.<\/p>\n\n\n\n<p>Esta medida es necesaria para avanzar en las obras de remodelaci\u00f3n del paseo Mar\u00edtimo, que requieren la ocupaci\u00f3n de este carril para llevar a cabo la ejecuci\u00f3n de dos canalizaciones de media tensi\u00f3n.<\/p>\n\n\n\n<p>El tramo afectado abarcar\u00e1 desde el n\u00famero 46 de la Av. Gabriel Roca hasta la calle Rafaletes.<\/p>\n\n\n\n<p>Con el fin de minimizar las molestias a los usuarios, se mantendr\u00e1 habilitado un carril de circulaci\u00f3n en todo momento.<\/p>\n\n\n\n<p><\/p>\n","protected":false},"excerpt":{"rendered":"<p>Lunes, 7 de octubre de 2024. La Autoridad Portuaria de Baleares (APB) informa que desde hoy, lunes 7 de octubre, y durante un per\u00edodo aproximado de quince d\u00edas, el carril derecho de salida del paseo Mar\u00edtimo, en direcci\u00f3n a Andratx, permanecer\u00e1&#8230;<\/p>\n","protected":false},"author":4,"featured_media":23525,"comment_status":"open","ping_status":"open","sticky":false,"template":"","format":"standard","meta":{"footnotes":""},"categories":[77],"tags":[],"class_list":["post-23524","post","type-post","status-publish","format-standard","has-post-thumbnail","hentry","category-noticias"],"aioseo_notices":[],"_links":{"self":[{"href":"https:\/\/noupasseigmaritimdepalma.portsdebalears.com\/es\/wp-json\/wp\/v2\/posts\/23524","targetHints":{"allow":["GET"]}}],"collection":[{"href":"https:\/\/noupasseigmaritimdepalma.portsdebalears.com\/es\/wp-json\/wp\/v2\/posts"}],"about":[{"href":"https:\/\/noupasseigmaritimdepalma.portsdebalears.com\/es\/wp-json\/wp\/v2\/types\/post"}],"author":[{"embeddable":true,"href":"https:\/\/noupasseigmaritimdepalma.portsdebalears.com\/es\/wp-json\/wp\/v2\/users\/4"}],"replies":[{"embeddable":true,"href":"https:\/\/noupasseigmaritimdepalma.portsdebalears.com\/es\/wp-json\/wp\/v2\/comments?post=23524"}],"version-history":[{"count":2,"href":"https:\/\/noupasseigmaritimdepalma.portsdebalears.com\/es\/wp-json\/wp\/v2\/posts\/23524\/revisions"}],"predecessor-version":[{"id":23529,"href":"https:\/\/noupasseigmaritimdepalma.portsdebalears.com\/es\/wp-json\/wp\/v2\/posts\/23524\/revisions\/23529"}],"wp:featuredmedia":[{"embeddable":true,"href":"https:\/\/noupasseigmaritimdepalma.portsdebalears.com\/es\/wp-json\/wp\/v2\/media\/23525"}],"wp:attachment":[{"href":"https:\/\/noupasseigmaritimdepalma.portsdebalears.com\/es\/wp-json\/wp\/v2\/media?parent=23524"}],"wp:term":[{"taxonomy":"category","embeddable":true,"href":"https:\/\/noupasseigmaritimdepalma.portsdebalears.com\/es\/wp-json\/wp\/v2\/categories?post=23524"},{"taxonomy":"post_tag","embeddable":true,"href":"https:\/\/noupasseigmaritimdepalma.portsdebalears.com\/es\/wp-json\/wp\/v2\/tags?post=23524"}],"curies":[{"name":"wp","href":"https:\/\/api.w.org\/{rel}","templated":true}]}}