{"id":22552,"date":"2024-04-26T12:28:22","date_gmt":"2024-04-26T10:28:22","guid":{"rendered":"https:\/\/noupasseigmaritimdepalma.portsdebalears.com\/?p=22552"},"modified":"2024-04-26T12:28:23","modified_gmt":"2024-04-26T10:28:23","slug":"palma-international-boat-show-un-evento-nautico-de-referencia-en-el-mediterraneo","status":"publish","type":"post","link":"https:\/\/noupasseigmaritimdepalma.portsdebalears.com\/es\/blog-es\/palma-international-boat-show-un-evento-nautico-de-referencia-en-el-mediterraneo\/","title":{"rendered":"Palma International Boat Show, un evento n\u00e1utico de referencia en el Mediterr\u00e1neo"},"content":{"rendered":"\n<p>A\u00f1o tras a\u00f1o el Paseo Mar\u00edtimo de Palma acoge una de las ferias n\u00e1uticas m\u00e1s relevantes del Mediterr\u00e1neo, justo antes de que arranque la temporada de verano en Mallorca. La Palma International Boat Show re\u00fane a m\u00e1s de 300 empresas en un recinto de mar y tierra firme, situado justo al lado de la sede de la Autoridad Portuaria de Baleares.<\/p>\n\n\n\n<p>El visitante de esta feria puede ver de cerca y subir a bordo de una amplia gama de embarcaciones, con yates de esloras de hasta 24 metros y conocer las \u00faltimas innovaciones en equipamiento de embarcaciones, as\u00ed como de deportes n\u00e1uticos y otras actividades y servicios relacionando con el mundo de la n\u00e1utica. En la l\u00e1mina de agua se puede disfrutar de la exhibici\u00f3n de hasta 260 embarcaciones.<\/p>\n\n\n\n<p>Desde hace a\u00f1os, empresas y astilleros aprovechan la cita en el Paseo Mar\u00edtimo de Palma para presentar nuevos modelos de embarcaciones a nivel mundial, y este a\u00f1o no es una excepci\u00f3n. De hecho, la Palma International Boat Show celebra este a\u00f1o su 40\u00ba aniversario como un homenaje y agradecimiento a todas las empresas que han formado parte del evento hasta la fecha.<\/p>\n\n\n\n<p>La feria es tanto un evento generador de intercambio profesional y negocio en el sector como un buen motivo para dar un paseo y disfrutar del espect\u00e1culo que ofrece este evento en torno al Paseo Mar\u00edtimo de Palma, el cual a\u00f1ade a los visitantes y expositores de la feria todo su potencial de ocio, gastronom\u00eda, deporte y relajaci\u00f3n.<\/p>\n","protected":false},"excerpt":{"rendered":"<p>A\u00f1o tras a\u00f1o el Paseo Mar\u00edtimo de Palma acoge una de las ferias n\u00e1uticas m\u00e1s relevantes del Mediterr\u00e1neo, justo antes de que arranque la temporada de verano en Mallorca. La Palma International Boat Show re\u00fane a m\u00e1s de 300 empresas en&#8230;<\/p>\n","protected":false},"author":2,"featured_media":22550,"comment_status":"open","ping_status":"open","sticky":false,"template":"","format":"standard","meta":{"footnotes":""},"categories":[78],"tags":[],"class_list":["post-22552","post","type-post","status-publish","format-standard","has-post-thumbnail","hentry","category-blog-es"],"aioseo_notices":[],"_links":{"self":[{"href":"https:\/\/noupasseigmaritimdepalma.portsdebalears.com\/es\/wp-json\/wp\/v2\/posts\/22552","targetHints":{"allow":["GET"]}}],"collection":[{"href":"https:\/\/noupasseigmaritimdepalma.portsdebalears.com\/es\/wp-json\/wp\/v2\/posts"}],"about":[{"href":"https:\/\/noupasseigmaritimdepalma.portsdebalears.com\/es\/wp-json\/wp\/v2\/types\/post"}],"author":[{"embeddable":true,"href":"https:\/\/noupasseigmaritimdepalma.portsdebalears.com\/es\/wp-json\/wp\/v2\/users\/2"}],"replies":[{"embeddable":true,"href":"https:\/\/noupasseigmaritimdepalma.portsdebalears.com\/es\/wp-json\/wp\/v2\/comments?post=22552"}],"version-history":[{"count":1,"href":"https:\/\/noupasseigmaritimdepalma.portsdebalears.com\/es\/wp-json\/wp\/v2\/posts\/22552\/revisions"}],"predecessor-version":[{"id":22553,"href":"https:\/\/noupasseigmaritimdepalma.portsdebalears.com\/es\/wp-json\/wp\/v2\/posts\/22552\/revisions\/22553"}],"wp:featuredmedia":[{"embeddable":true,"href":"https:\/\/noupasseigmaritimdepalma.portsdebalears.com\/es\/wp-json\/wp\/v2\/media\/22550"}],"wp:attachment":[{"href":"https:\/\/noupasseigmaritimdepalma.portsdebalears.com\/es\/wp-json\/wp\/v2\/media?parent=22552"}],"wp:term":[{"taxonomy":"category","embeddable":true,"href":"https:\/\/noupasseigmaritimdepalma.portsdebalears.com\/es\/wp-json\/wp\/v2\/categories?post=22552"},{"taxonomy":"post_tag","embeddable":true,"href":"https:\/\/noupasseigmaritimdepalma.portsdebalears.com\/es\/wp-json\/wp\/v2\/tags?post=22552"}],"curies":[{"name":"wp","href":"https:\/\/api.w.org\/{rel}","templated":true}]}}