{"id":22413,"date":"2024-04-15T14:05:59","date_gmt":"2024-04-15T12:05:59","guid":{"rendered":"https:\/\/noupasseigmaritimdepalma.portsdebalears.com\/?p=22413"},"modified":"2024-04-15T14:06:00","modified_gmt":"2024-04-15T12:06:00","slug":"el-protagonismo-de-la-gravilla","status":"publish","type":"post","link":"https:\/\/noupasseigmaritimdepalma.portsdebalears.com\/es\/blog-es\/el-protagonismo-de-la-gravilla\/","title":{"rendered":"El protagonismo de la gravilla"},"content":{"rendered":"\n<p>Entre los numerosos materiales que se est\u00e1n empleando en las diversas actuaciones de la reforma del paseo Mar\u00edtimo hay uno que est\u00e1 presenta en la plaza de Santo Domingo, que es uno de los puntos m\u00e1s emblem\u00e1ticos del paseo. Hablamos de la gravilla, la arena obtenida de la meteorizaci\u00f3n de los granitos.<\/p>\n\n\n\n<p>Este \u00e1rido est\u00e1 compuesto de varios tipos de arenas y arcillas y es de gran permeabilidad. Dependiendo del tipo de tratamiento que recibe la gravilla es posible conseguir diferentes granulometr\u00edas y materiales que pueden ser usados en obras de jardiner\u00eda, canalizaciones o elaboraci\u00f3n de la base de pavimentos.<\/p>\n\n\n\n<p>As\u00ed, la plaza de Santo Domingo, ser\u00e1 la que contar\u00e1 con gravilla con el objetivo de mejorar la pavimentaci\u00f3n de su explanada para crear una zona polivalente que conserve la esencia de este espacio a lo largo de su historia.<\/p>\n","protected":false},"excerpt":{"rendered":"<p>Entre los numerosos materiales que se est\u00e1n empleando en las diversas actuaciones de la reforma del paseo Mar\u00edtimo hay uno que est\u00e1 presenta en la plaza de Santo Domingo, que es uno de los puntos m\u00e1s emblem\u00e1ticos del paseo. Hablamos de&#8230;<\/p>\n","protected":false},"author":2,"featured_media":22411,"comment_status":"open","ping_status":"open","sticky":false,"template":"","format":"standard","meta":{"footnotes":""},"categories":[78],"tags":[],"class_list":["post-22413","post","type-post","status-publish","format-standard","has-post-thumbnail","hentry","category-blog-es"],"aioseo_notices":[],"_links":{"self":[{"href":"https:\/\/noupasseigmaritimdepalma.portsdebalears.com\/es\/wp-json\/wp\/v2\/posts\/22413","targetHints":{"allow":["GET"]}}],"collection":[{"href":"https:\/\/noupasseigmaritimdepalma.portsdebalears.com\/es\/wp-json\/wp\/v2\/posts"}],"about":[{"href":"https:\/\/noupasseigmaritimdepalma.portsdebalears.com\/es\/wp-json\/wp\/v2\/types\/post"}],"author":[{"embeddable":true,"href":"https:\/\/noupasseigmaritimdepalma.portsdebalears.com\/es\/wp-json\/wp\/v2\/users\/2"}],"replies":[{"embeddable":true,"href":"https:\/\/noupasseigmaritimdepalma.portsdebalears.com\/es\/wp-json\/wp\/v2\/comments?post=22413"}],"version-history":[{"count":1,"href":"https:\/\/noupasseigmaritimdepalma.portsdebalears.com\/es\/wp-json\/wp\/v2\/posts\/22413\/revisions"}],"predecessor-version":[{"id":22414,"href":"https:\/\/noupasseigmaritimdepalma.portsdebalears.com\/es\/wp-json\/wp\/v2\/posts\/22413\/revisions\/22414"}],"wp:featuredmedia":[{"embeddable":true,"href":"https:\/\/noupasseigmaritimdepalma.portsdebalears.com\/es\/wp-json\/wp\/v2\/media\/22411"}],"wp:attachment":[{"href":"https:\/\/noupasseigmaritimdepalma.portsdebalears.com\/es\/wp-json\/wp\/v2\/media?parent=22413"}],"wp:term":[{"taxonomy":"category","embeddable":true,"href":"https:\/\/noupasseigmaritimdepalma.portsdebalears.com\/es\/wp-json\/wp\/v2\/categories?post=22413"},{"taxonomy":"post_tag","embeddable":true,"href":"https:\/\/noupasseigmaritimdepalma.portsdebalears.com\/es\/wp-json\/wp\/v2\/tags?post=22413"}],"curies":[{"name":"wp","href":"https:\/\/api.w.org\/{rel}","templated":true}]}}