{"id":22188,"date":"2024-03-12T11:42:13","date_gmt":"2024-03-12T09:42:13","guid":{"rendered":"https:\/\/noupasseigmaritimdepalma.portsdebalears.com\/?p=22188"},"modified":"2024-03-12T11:42:14","modified_gmt":"2024-03-12T09:42:14","slug":"simulaciones-de-la-reforma","status":"publish","type":"post","link":"https:\/\/noupasseigmaritimdepalma.portsdebalears.com\/es\/blog-es\/simulaciones-de-la-reforma\/","title":{"rendered":"Simulaciones de la reforma"},"content":{"rendered":"\n<p>El control del tr\u00e1fico y la priorizaci\u00f3n de los peatones en el paseo Mar\u00edtimo son, entre otros, algunos de los objetivos m\u00e1s relevantes de la actual reforma de la zona. Todas las simulaciones realizadas para comprobar el efecto de la reducci\u00f3n de carriles ofrecen resultados muy interesantes. Las actuaciones propuestas al proyecto en curso no suponen una reducci\u00f3n significativa del tr\u00e1fico (-1,1% respecto al estado actual) en la avenida Gabriel Roca, hecho que pone de manifiesto que el Paseo no funciona como v\u00eda de paso para cruzar&nbsp; la ciudad, sino&nbsp; como v\u00eda de entrada al centro.<\/p>\n\n\n\n<p>La nueva reordenaci\u00f3n puede absorber las demandas actuales de tr\u00e1fico. Aunque aumenten los niveles de saturaci\u00f3n -del 70% en algunos tramos- nunca se llega al 100% seg\u00fan los microan\u00e1lisis elaborados en este sentido.&nbsp; Cabe resaltar que durante las horas punta la densidad de tr\u00e1fico llega a los 3.000 veh\u00edculos en las dos direcciones.<\/p>\n\n\n\n<p>La conclusi\u00f3n final en este punto&nbsp; de la reforma es que el paseo Mar\u00edtimo o mantendr\u00e1 pr\u00e1cticamente el mismo nivel de paso de veh\u00edculos&nbsp; pero la zona habr\u00e1 priorizado otros aspectos como la duplicaci\u00f3n de los pasos de peatones y \u00e1reas de paseo, as\u00ed como la presencia predominante de los ciclistas.<\/p>\n","protected":false},"excerpt":{"rendered":"<p>El control del tr\u00e1fico y la priorizaci\u00f3n de los peatones en el paseo Mar\u00edtimo son, entre otros, algunos de los objetivos m\u00e1s relevantes de la actual reforma de la zona. Todas las simulaciones realizadas para comprobar el efecto de la reducci\u00f3n&#8230;<\/p>\n","protected":false},"author":2,"featured_media":22181,"comment_status":"open","ping_status":"open","sticky":false,"template":"","format":"standard","meta":{"footnotes":""},"categories":[78],"tags":[],"class_list":["post-22188","post","type-post","status-publish","format-standard","has-post-thumbnail","hentry","category-blog-es"],"aioseo_notices":[],"_links":{"self":[{"href":"https:\/\/noupasseigmaritimdepalma.portsdebalears.com\/es\/wp-json\/wp\/v2\/posts\/22188","targetHints":{"allow":["GET"]}}],"collection":[{"href":"https:\/\/noupasseigmaritimdepalma.portsdebalears.com\/es\/wp-json\/wp\/v2\/posts"}],"about":[{"href":"https:\/\/noupasseigmaritimdepalma.portsdebalears.com\/es\/wp-json\/wp\/v2\/types\/post"}],"author":[{"embeddable":true,"href":"https:\/\/noupasseigmaritimdepalma.portsdebalears.com\/es\/wp-json\/wp\/v2\/users\/2"}],"replies":[{"embeddable":true,"href":"https:\/\/noupasseigmaritimdepalma.portsdebalears.com\/es\/wp-json\/wp\/v2\/comments?post=22188"}],"version-history":[{"count":1,"href":"https:\/\/noupasseigmaritimdepalma.portsdebalears.com\/es\/wp-json\/wp\/v2\/posts\/22188\/revisions"}],"predecessor-version":[{"id":22189,"href":"https:\/\/noupasseigmaritimdepalma.portsdebalears.com\/es\/wp-json\/wp\/v2\/posts\/22188\/revisions\/22189"}],"wp:featuredmedia":[{"embeddable":true,"href":"https:\/\/noupasseigmaritimdepalma.portsdebalears.com\/es\/wp-json\/wp\/v2\/media\/22181"}],"wp:attachment":[{"href":"https:\/\/noupasseigmaritimdepalma.portsdebalears.com\/es\/wp-json\/wp\/v2\/media?parent=22188"}],"wp:term":[{"taxonomy":"category","embeddable":true,"href":"https:\/\/noupasseigmaritimdepalma.portsdebalears.com\/es\/wp-json\/wp\/v2\/categories?post=22188"},{"taxonomy":"post_tag","embeddable":true,"href":"https:\/\/noupasseigmaritimdepalma.portsdebalears.com\/es\/wp-json\/wp\/v2\/tags?post=22188"}],"curies":[{"name":"wp","href":"https:\/\/api.w.org\/{rel}","templated":true}]}}