{"id":22012,"date":"2024-02-26T11:48:38","date_gmt":"2024-02-26T09:48:38","guid":{"rendered":"https:\/\/noupasseigmaritimdepalma.portsdebalears.com\/?p=22012"},"modified":"2024-02-26T11:48:39","modified_gmt":"2024-02-26T09:48:39","slug":"cierre-provisional-al-trafico-de-un-carril-frente-a-las-estaciones-maritimas-2-y-3-del-puerto-de-palma","status":"publish","type":"post","link":"https:\/\/noupasseigmaritimdepalma.portsdebalears.com\/es\/noticias\/cierre-provisional-al-trafico-de-un-carril-frente-a-las-estaciones-maritimas-2-y-3-del-puerto-de-palma\/","title":{"rendered":"Cierre provisional al tr\u00e1fico de un carril\u00a0frente a las Estaciones Mar\u00edtimas 2 y 3 del puerto de Palma"},"content":{"rendered":"\n<p><strong>Se efectuar\u00e1 los d\u00edas 28 y 29 de febrero, en sentido Catedral<\/strong><\/p>\n\n\n\n<p>Informamos del cierre temporal, durante los d\u00edas 28 y 29 de febrero, de uno de los dos carriles de circulaci\u00f3n de la av. Gabriel Roca, en sentido Catedral, con motivo de las obras de conexi\u00f3n de la nueva tuber\u00eda de impulsi\u00f3n de aguas residuales con la estaci\u00f3n de bombeo de Paraires. El cierre afectar\u00e1 \u00fanicamente al tramo donde se efectuar\u00e1n las obras, manteni\u00e9ndose habilitado el vial auxiliar a trav\u00e9s del acceso a las Estaciones Mar\u00edtimas, tal y como se muestra en la imagen inferior.\u00a0<\/p>\n","protected":false},"excerpt":{"rendered":"<p>Se efectuar\u00e1 los d\u00edas 28 y 29 de febrero, en sentido Catedral Informamos del cierre temporal, durante los d\u00edas 28 y 29 de febrero, de uno de los dos carriles de circulaci\u00f3n de la av. Gabriel Roca, en sentido Catedral, con&#8230;<\/p>\n","protected":false},"author":2,"featured_media":22007,"comment_status":"open","ping_status":"open","sticky":false,"template":"","format":"standard","meta":{"footnotes":""},"categories":[77],"tags":[],"class_list":["post-22012","post","type-post","status-publish","format-standard","has-post-thumbnail","hentry","category-noticias"],"aioseo_notices":[],"_links":{"self":[{"href":"https:\/\/noupasseigmaritimdepalma.portsdebalears.com\/es\/wp-json\/wp\/v2\/posts\/22012","targetHints":{"allow":["GET"]}}],"collection":[{"href":"https:\/\/noupasseigmaritimdepalma.portsdebalears.com\/es\/wp-json\/wp\/v2\/posts"}],"about":[{"href":"https:\/\/noupasseigmaritimdepalma.portsdebalears.com\/es\/wp-json\/wp\/v2\/types\/post"}],"author":[{"embeddable":true,"href":"https:\/\/noupasseigmaritimdepalma.portsdebalears.com\/es\/wp-json\/wp\/v2\/users\/2"}],"replies":[{"embeddable":true,"href":"https:\/\/noupasseigmaritimdepalma.portsdebalears.com\/es\/wp-json\/wp\/v2\/comments?post=22012"}],"version-history":[{"count":1,"href":"https:\/\/noupasseigmaritimdepalma.portsdebalears.com\/es\/wp-json\/wp\/v2\/posts\/22012\/revisions"}],"predecessor-version":[{"id":22013,"href":"https:\/\/noupasseigmaritimdepalma.portsdebalears.com\/es\/wp-json\/wp\/v2\/posts\/22012\/revisions\/22013"}],"wp:featuredmedia":[{"embeddable":true,"href":"https:\/\/noupasseigmaritimdepalma.portsdebalears.com\/es\/wp-json\/wp\/v2\/media\/22007"}],"wp:attachment":[{"href":"https:\/\/noupasseigmaritimdepalma.portsdebalears.com\/es\/wp-json\/wp\/v2\/media?parent=22012"}],"wp:term":[{"taxonomy":"category","embeddable":true,"href":"https:\/\/noupasseigmaritimdepalma.portsdebalears.com\/es\/wp-json\/wp\/v2\/categories?post=22012"},{"taxonomy":"post_tag","embeddable":true,"href":"https:\/\/noupasseigmaritimdepalma.portsdebalears.com\/es\/wp-json\/wp\/v2\/tags?post=22012"}],"curies":[{"name":"wp","href":"https:\/\/api.w.org\/{rel}","templated":true}]}}