{"id":21640,"date":"2024-02-19T14:28:30","date_gmt":"2024-02-19T12:28:30","guid":{"rendered":"https:\/\/noupasseigmaritimdepalma.portsdebalears.com\/?p=21640"},"modified":"2024-02-19T15:37:58","modified_gmt":"2024-02-19T13:37:58","slug":"comienza-la-colocacion-de-adoquines-en-la-darsena-de-can-barbara","status":"publish","type":"post","link":"https:\/\/noupasseigmaritimdepalma.portsdebalears.com\/es\/noticias\/comienza-la-colocacion-de-adoquines-en-la-darsena-de-can-barbara\/","title":{"rendered":"Comienza la colocaci\u00f3n de adoquines en la d\u00e1rsena de Can Barbar\u00e0"},"content":{"rendered":"\n<p>El cierre temporal de los accesos quedar\u00e1 restablecido para el fin de semana<\/p>\n\n\n\n<p><strong>Palma, 19 de febrero de 2024 \u2013<\/strong> La Autoridad Portuaria de Baleares (APB) &nbsp;inicia hoy la colocaci\u00f3n de adoquines en la zona circundante a la d\u00e1rsena de Can Barbar\u00e0 en el puerto de Palma. Se trata de la fase final de pavimentaci\u00f3n de la zona con motivo del avance de las obras de remodelaci\u00f3n del paseo Mar\u00edtimo de Palma.<\/p>\n\n\n\n<p>Para llevar a cabo esta fase del proyecto, se ha establecido que hoy lunes 19 y martes 20 de febrero se cerrar\u00e1 el acceso peatonal a la d\u00e1rsena de Can Barbar\u00e0 por la calle Porto Pi. Durante este per\u00edodo, el acceso peatonal seguir\u00e1 estando disponible a trav\u00e9s de la puerta existente sobre el puente y el acceso de veh\u00edculos permanecer\u00e1 abierto por el lado de los jardines de Natzaret.<\/p>\n\n\n\n<p>Desde el mi\u00e9rcoles 21 a viernes 23 de febrero se cerrar\u00e1 el acceso vehicular a la D\u00e1rsena de Can Barbar\u00e0 en el lado de los jardines de Natzaret y el acceso de peatones a trav\u00e9s del puente. El \u00fanico acceso disponible durante este per\u00edodo ser\u00e1 a trav\u00e9s del paso peatonal de la calle Porto Pi.<\/p>\n\n\n\n<p>Tras finalizar la semana pasada la ejecuci\u00f3n de la solera de hormig\u00f3n y en l\u00ednea con el compromiso de la APB de minimizar las molestias a los usuarios, el viernes 23 de febrero se restablecer\u00e1n todos los accesos a la d\u00e1rsena, garantizando la total accesibilidad para el fin de semana.<\/p>\n","protected":false},"excerpt":{"rendered":"<p>El cierre temporal de los accesos quedar\u00e1 restablecido para el fin de semana Palma, 19 de febrero de 2024 \u2013 La Autoridad Portuaria de Baleares (APB) &nbsp;inicia hoy la colocaci\u00f3n de adoquines en la zona circundante a la d\u00e1rsena de Can&#8230;<\/p>\n","protected":false},"author":2,"featured_media":21637,"comment_status":"open","ping_status":"open","sticky":false,"template":"","format":"standard","meta":{"footnotes":""},"categories":[77],"tags":[],"class_list":["post-21640","post","type-post","status-publish","format-standard","has-post-thumbnail","hentry","category-noticias"],"aioseo_notices":[],"_links":{"self":[{"href":"https:\/\/noupasseigmaritimdepalma.portsdebalears.com\/es\/wp-json\/wp\/v2\/posts\/21640","targetHints":{"allow":["GET"]}}],"collection":[{"href":"https:\/\/noupasseigmaritimdepalma.portsdebalears.com\/es\/wp-json\/wp\/v2\/posts"}],"about":[{"href":"https:\/\/noupasseigmaritimdepalma.portsdebalears.com\/es\/wp-json\/wp\/v2\/types\/post"}],"author":[{"embeddable":true,"href":"https:\/\/noupasseigmaritimdepalma.portsdebalears.com\/es\/wp-json\/wp\/v2\/users\/2"}],"replies":[{"embeddable":true,"href":"https:\/\/noupasseigmaritimdepalma.portsdebalears.com\/es\/wp-json\/wp\/v2\/comments?post=21640"}],"version-history":[{"count":3,"href":"https:\/\/noupasseigmaritimdepalma.portsdebalears.com\/es\/wp-json\/wp\/v2\/posts\/21640\/revisions"}],"predecessor-version":[{"id":21645,"href":"https:\/\/noupasseigmaritimdepalma.portsdebalears.com\/es\/wp-json\/wp\/v2\/posts\/21640\/revisions\/21645"}],"wp:featuredmedia":[{"embeddable":true,"href":"https:\/\/noupasseigmaritimdepalma.portsdebalears.com\/es\/wp-json\/wp\/v2\/media\/21637"}],"wp:attachment":[{"href":"https:\/\/noupasseigmaritimdepalma.portsdebalears.com\/es\/wp-json\/wp\/v2\/media?parent=21640"}],"wp:term":[{"taxonomy":"category","embeddable":true,"href":"https:\/\/noupasseigmaritimdepalma.portsdebalears.com\/es\/wp-json\/wp\/v2\/categories?post=21640"},{"taxonomy":"post_tag","embeddable":true,"href":"https:\/\/noupasseigmaritimdepalma.portsdebalears.com\/es\/wp-json\/wp\/v2\/tags?post=21640"}],"curies":[{"name":"wp","href":"https:\/\/api.w.org\/{rel}","templated":true}]}}