{"id":18632,"date":"2023-09-06T08:52:17","date_gmt":"2023-09-06T06:52:17","guid":{"rendered":"https:\/\/noupasseigmaritimdepalma.portsdebalears.com\/?p=18632"},"modified":"2023-09-06T08:52:51","modified_gmt":"2023-09-06T06:52:51","slug":"la-garantia-de-una-gran-reforma","status":"publish","type":"post","link":"https:\/\/noupasseigmaritimdepalma.portsdebalears.com\/es\/blog-es\/la-garantia-de-una-gran-reforma\/","title":{"rendered":"La garant\u00eda de una gran reforma"},"content":{"rendered":"\n<p>El origen de uno de los proyectos urban\u00edsticos m\u00e1s trascendentes en la historia de la ciudad de Palma, la reforma de su paseo Mar\u00edtimo, se encuentra en el estudio de arquitectura Jamlet, con sede en Barcelona. El ibicenco El\u00edas Torres y el catal\u00e1n Juan Antonio Mart\u00ednez Lape\u00f1a son sus responsables. La reforma del paseo es uno de sus \u00faltimos proyectos, pero la trayectoria de Jamlet tiene muchos m\u00e1s hitos.<\/p>\n\n\n\n<p>Este estudio ha sido el responsable de los proyectos de restauraci\u00f3n del Parque G\u00fcell de Barcelona o el Castillo de Bellver en Palma, adem\u00e1s del dise\u00f1o del Museo de Arte Kumamoto, en Jap\u00f3n, entre otros. Tambi\u00e9n ha recibido galardones de prestigio como el premio nacional de arquitectura del Ministerio de Fomento 2016 o la RIBA International Fellowship por parte del Instituto de Arquitectos brit\u00e1nicos.<\/p>\n\n\n\n<p>En su faceta como professores, El\u00edas Torres y Juan Antonio Mart\u00ednez Lape\u00f1a han dado clases en la Escuela T\u00e9cnica Superior de Arquitectura de Barcelona y a las universidades de UCLA y Harvard, en Estados Unidos. Un curr\u00edculum extraordinario y una garantia para el proyecto de reforma en Palma.<\/p>\n","protected":false},"excerpt":{"rendered":"<p>El origen de uno de los proyectos urban\u00edsticos m\u00e1s trascendentes en la historia de la ciudad de Palma, la reforma de su paseo Mar\u00edtimo, se encuentra en el estudio de arquitectura Jamlet, con sede en Barcelona. El ibicenco El\u00edas Torres y&#8230;<\/p>\n","protected":false},"author":2,"featured_media":18630,"comment_status":"open","ping_status":"open","sticky":false,"template":"","format":"standard","meta":{"footnotes":""},"categories":[78],"tags":[],"class_list":["post-18632","post","type-post","status-publish","format-standard","has-post-thumbnail","hentry","category-blog-es"],"aioseo_notices":[],"_links":{"self":[{"href":"https:\/\/noupasseigmaritimdepalma.portsdebalears.com\/es\/wp-json\/wp\/v2\/posts\/18632","targetHints":{"allow":["GET"]}}],"collection":[{"href":"https:\/\/noupasseigmaritimdepalma.portsdebalears.com\/es\/wp-json\/wp\/v2\/posts"}],"about":[{"href":"https:\/\/noupasseigmaritimdepalma.portsdebalears.com\/es\/wp-json\/wp\/v2\/types\/post"}],"author":[{"embeddable":true,"href":"https:\/\/noupasseigmaritimdepalma.portsdebalears.com\/es\/wp-json\/wp\/v2\/users\/2"}],"replies":[{"embeddable":true,"href":"https:\/\/noupasseigmaritimdepalma.portsdebalears.com\/es\/wp-json\/wp\/v2\/comments?post=18632"}],"version-history":[{"count":1,"href":"https:\/\/noupasseigmaritimdepalma.portsdebalears.com\/es\/wp-json\/wp\/v2\/posts\/18632\/revisions"}],"predecessor-version":[{"id":18633,"href":"https:\/\/noupasseigmaritimdepalma.portsdebalears.com\/es\/wp-json\/wp\/v2\/posts\/18632\/revisions\/18633"}],"wp:featuredmedia":[{"embeddable":true,"href":"https:\/\/noupasseigmaritimdepalma.portsdebalears.com\/es\/wp-json\/wp\/v2\/media\/18630"}],"wp:attachment":[{"href":"https:\/\/noupasseigmaritimdepalma.portsdebalears.com\/es\/wp-json\/wp\/v2\/media?parent=18632"}],"wp:term":[{"taxonomy":"category","embeddable":true,"href":"https:\/\/noupasseigmaritimdepalma.portsdebalears.com\/es\/wp-json\/wp\/v2\/categories?post=18632"},{"taxonomy":"post_tag","embeddable":true,"href":"https:\/\/noupasseigmaritimdepalma.portsdebalears.com\/es\/wp-json\/wp\/v2\/tags?post=18632"}],"curies":[{"name":"wp","href":"https:\/\/api.w.org\/{rel}","templated":true}]}}