{"id":16243,"date":"2023-06-07T08:01:18","date_gmt":"2023-06-07T07:01:18","guid":{"rendered":"https:\/\/noupasseigmaritimdepalma.portsdebalears.com\/?p=16243"},"modified":"2023-06-07T08:01:21","modified_gmt":"2023-06-07T07:01:21","slug":"un-paseo-con-luz-propia","status":"publish","type":"post","link":"https:\/\/noupasseigmaritimdepalma.portsdebalears.com\/es\/blog-es\/un-paseo-con-luz-propia\/","title":{"rendered":"Un paseo con luz propia"},"content":{"rendered":"\n<p>La reforma en marcha del paseo Mar\u00edtimo de Palma re\u00fane algunos de los elementos m\u00e1s innovadores en la construcci\u00f3n de estas infraestructuras alrededor del mundo. Priorizacion de los transe\u00fantes por delante de los veh\u00edculos, inclusi\u00f3n de sistemas de aprovechamiento de aguas o ampliaci\u00f3n de los espacios ajardinados son, entre otros, algunos de los rasgos caracter\u00edsticos de esta reforma.<\/p>\n\n\n\n<p>La iluminaci\u00f3n del paseo Mar\u00edtimo tambi\u00e9n se caracterizar\u00e1 por la aplicaci\u00f3n de la \u00faltima tecnolog\u00eda. Las luces ser\u00e1n LED, controladas con un sistema de uso eficiente. Este sistema garantizar\u00e1 m\u00e1s luminosidad con menos potencia. Entre algunas de las ventajas respecto a los sistemas convencionales est\u00e1 su vida \u00fatil, mucho m\u00e1s larga que las bombillas hal\u00f3genas, la resistencia a las vibraciones o el hecho de no emitir calor. Las luces LED ser\u00e1n parte esencial del ahorro por eficiencia energ\u00e9tica, uno de los objetivos generales de la reforma. Estas luces ahorran energ\u00eda, no tienen emisiones de infrarrojos y ultravioletas, as\u00ed que no provocan contaminaci\u00f3n lum\u00ednica. El hecho de que el 99% de sus componentes sean reciclables las convierten en la mejor apuesta para la protecci\u00f3n medioambiental del nuevo paseo<\/p>\n","protected":false},"excerpt":{"rendered":"<p>La reforma en marcha del paseo Mar\u00edtimo de Palma re\u00fane algunos de los elementos m\u00e1s innovadores en la construcci\u00f3n de estas infraestructuras alrededor del mundo. Priorizacion de los transe\u00fantes por delante de los veh\u00edculos, inclusi\u00f3n de sistemas de aprovechamiento de aguas&#8230;<\/p>\n","protected":false},"author":2,"featured_media":16244,"comment_status":"open","ping_status":"open","sticky":false,"template":"","format":"standard","meta":{"footnotes":""},"categories":[78],"tags":[],"class_list":["post-16243","post","type-post","status-publish","format-standard","has-post-thumbnail","hentry","category-blog-es"],"aioseo_notices":[],"_links":{"self":[{"href":"https:\/\/noupasseigmaritimdepalma.portsdebalears.com\/es\/wp-json\/wp\/v2\/posts\/16243","targetHints":{"allow":["GET"]}}],"collection":[{"href":"https:\/\/noupasseigmaritimdepalma.portsdebalears.com\/es\/wp-json\/wp\/v2\/posts"}],"about":[{"href":"https:\/\/noupasseigmaritimdepalma.portsdebalears.com\/es\/wp-json\/wp\/v2\/types\/post"}],"author":[{"embeddable":true,"href":"https:\/\/noupasseigmaritimdepalma.portsdebalears.com\/es\/wp-json\/wp\/v2\/users\/2"}],"replies":[{"embeddable":true,"href":"https:\/\/noupasseigmaritimdepalma.portsdebalears.com\/es\/wp-json\/wp\/v2\/comments?post=16243"}],"version-history":[{"count":1,"href":"https:\/\/noupasseigmaritimdepalma.portsdebalears.com\/es\/wp-json\/wp\/v2\/posts\/16243\/revisions"}],"predecessor-version":[{"id":16247,"href":"https:\/\/noupasseigmaritimdepalma.portsdebalears.com\/es\/wp-json\/wp\/v2\/posts\/16243\/revisions\/16247"}],"wp:featuredmedia":[{"embeddable":true,"href":"https:\/\/noupasseigmaritimdepalma.portsdebalears.com\/es\/wp-json\/wp\/v2\/media\/16244"}],"wp:attachment":[{"href":"https:\/\/noupasseigmaritimdepalma.portsdebalears.com\/es\/wp-json\/wp\/v2\/media?parent=16243"}],"wp:term":[{"taxonomy":"category","embeddable":true,"href":"https:\/\/noupasseigmaritimdepalma.portsdebalears.com\/es\/wp-json\/wp\/v2\/categories?post=16243"},{"taxonomy":"post_tag","embeddable":true,"href":"https:\/\/noupasseigmaritimdepalma.portsdebalears.com\/es\/wp-json\/wp\/v2\/tags?post=16243"}],"curies":[{"name":"wp","href":"https:\/\/api.w.org\/{rel}","templated":true}]}}