{"id":14166,"date":"2023-02-09T15:04:07","date_gmt":"2023-02-09T14:04:07","guid":{"rendered":"https:\/\/noupasseigmaritimdepalma.portsdebalears.com\/general\/reunio-entre-apb-cort-i-empresaris-de-les-empreses-nautiques-i-maritimes-del-passeig\/"},"modified":"2023-03-23T13:13:32","modified_gmt":"2023-03-23T12:13:32","slug":"reunion-entre-apb-cort-y-empresarios-de-las-empresas-nauticas-y-maritimas-del-paseo","status":"publish","type":"post","link":"https:\/\/noupasseigmaritimdepalma.portsdebalears.com\/es\/noticias\/reunion-entre-apb-cort-y-empresarios-de-las-empresas-nauticas-y-maritimas-del-paseo\/","title":{"rendered":"Reuni\u00f3n entre APB, Cort y empresarios de las empresas n\u00e1uticas y mar\u00edtimas del paseo"},"content":{"rendered":"\n<p>Una veintena de representantes de asociaciones y empresas n\u00e1uticas y mar\u00edtimas del paseo Mar\u00edtimo se han reunido hoy mediod\u00eda con responsables t\u00e9cnicos de la Autoridad Portuaria de Baleares (APB) y del Ayuntamiento encargados del proyecto del Nuevo Paseo Mar\u00edtimo de Palma para poner en com\u00fan la informaci\u00f3n, inquietudes y posibles soluciones a las molestias que provocan las obras.<\/p>\n\n\n\n<p>En el marco de un ambiente de colaboraci\u00f3n entre la iniciativa privada y la administraci\u00f3n p\u00fablica, las empresas afectadas han podido conocer de primera mano del jefe de \u00c1rea de Planificaci\u00f3n e Infraestructuras de la APB, Antoni Ginard, las medidas adoptadas para facilitar los accesos a las instalaciones n\u00e1uticas, las fases de las obras, as\u00ed como las modificaciones puntuales adoptadas de los servicios de movilidad o recogida de basura, entre otros asuntos.<\/p>\n\n\n\n<figure class=\"wp-block-gallery has-nested-images columns-default is-cropped wp-block-gallery-1 is-layout-flex wp-block-gallery-is-layout-flex\">\n<figure class=\"wp-block-image size-large\"><img loading=\"lazy\" decoding=\"async\" width=\"1024\" height=\"768\" data-id=\"14179\" src=\"https:\/\/noupasseigmaritimdepalma.portsdebalears.com\/wp-content\/uploads\/2023\/02\/Toni-Ginard-explicant-els-detalls-del-projecte-1024x768.jpg\" alt=\"\" class=\"wp-image-14179\" srcset=\"https:\/\/noupasseigmaritimdepalma.portsdebalears.com\/wp-content\/uploads\/2023\/02\/Toni-Ginard-explicant-els-detalls-del-projecte-1024x768.jpg 1024w, https:\/\/noupasseigmaritimdepalma.portsdebalears.com\/wp-content\/uploads\/2023\/02\/Toni-Ginard-explicant-els-detalls-del-projecte-300x225.jpg 300w, https:\/\/noupasseigmaritimdepalma.portsdebalears.com\/wp-content\/uploads\/2023\/02\/Toni-Ginard-explicant-els-detalls-del-projecte-768x576.jpg 768w, https:\/\/noupasseigmaritimdepalma.portsdebalears.com\/wp-content\/uploads\/2023\/02\/Toni-Ginard-explicant-els-detalls-del-projecte-1536x1152.jpg 1536w, https:\/\/noupasseigmaritimdepalma.portsdebalears.com\/wp-content\/uploads\/2023\/02\/Toni-Ginard-explicant-els-detalls-del-projecte-2048x1536.jpg 2048w, https:\/\/noupasseigmaritimdepalma.portsdebalears.com\/wp-content\/uploads\/2023\/02\/Toni-Ginard-explicant-els-detalls-del-projecte-1920x1440.jpg 1920w, https:\/\/noupasseigmaritimdepalma.portsdebalears.com\/wp-content\/uploads\/2023\/02\/Toni-Ginard-explicant-els-detalls-del-projecte-1280x960.jpg 1280w, https:\/\/noupasseigmaritimdepalma.portsdebalears.com\/wp-content\/uploads\/2023\/02\/Toni-Ginard-explicant-els-detalls-del-projecte-960x720.jpg 960w, https:\/\/noupasseigmaritimdepalma.portsdebalears.com\/wp-content\/uploads\/2023\/02\/Toni-Ginard-explicant-els-detalls-del-projecte-640x479.jpg 640w, https:\/\/noupasseigmaritimdepalma.portsdebalears.com\/wp-content\/uploads\/2023\/02\/Toni-Ginard-explicant-els-detalls-del-projecte-480x359.jpg 480w, https:\/\/noupasseigmaritimdepalma.portsdebalears.com\/wp-content\/uploads\/2023\/02\/Toni-Ginard-explicant-els-detalls-del-projecte-384x287.jpg 384w, https:\/\/noupasseigmaritimdepalma.portsdebalears.com\/wp-content\/uploads\/2023\/02\/Toni-Ginard-explicant-els-detalls-del-projecte-320x239.jpg 320w, https:\/\/noupasseigmaritimdepalma.portsdebalears.com\/wp-content\/uploads\/2023\/02\/Toni-Ginard-explicant-els-detalls-del-projecte-600x450.jpg 600w\" sizes=\"auto, (max-width: 1024px) 100vw, 1024px\" \/><\/figure>\n\n\n\n<figure class=\"wp-block-image size-large\"><img loading=\"lazy\" decoding=\"async\" width=\"1024\" height=\"768\" data-id=\"14176\" src=\"https:\/\/noupasseigmaritimdepalma.portsdebalears.com\/wp-content\/uploads\/2023\/02\/Empreses-del-costat-mar-1024x768.jpg\" alt=\"\" class=\"wp-image-14176\" srcset=\"https:\/\/noupasseigmaritimdepalma.portsdebalears.com\/wp-content\/uploads\/2023\/02\/Empreses-del-costat-mar-1024x768.jpg 1024w, https:\/\/noupasseigmaritimdepalma.portsdebalears.com\/wp-content\/uploads\/2023\/02\/Empreses-del-costat-mar-300x225.jpg 300w, https:\/\/noupasseigmaritimdepalma.portsdebalears.com\/wp-content\/uploads\/2023\/02\/Empreses-del-costat-mar-768x576.jpg 768w, https:\/\/noupasseigmaritimdepalma.portsdebalears.com\/wp-content\/uploads\/2023\/02\/Empreses-del-costat-mar-1280x960.jpg 1280w, https:\/\/noupasseigmaritimdepalma.portsdebalears.com\/wp-content\/uploads\/2023\/02\/Empreses-del-costat-mar-960x720.jpg 960w, https:\/\/noupasseigmaritimdepalma.portsdebalears.com\/wp-content\/uploads\/2023\/02\/Empreses-del-costat-mar-640x479.jpg 640w, https:\/\/noupasseigmaritimdepalma.portsdebalears.com\/wp-content\/uploads\/2023\/02\/Empreses-del-costat-mar-480x359.jpg 480w, https:\/\/noupasseigmaritimdepalma.portsdebalears.com\/wp-content\/uploads\/2023\/02\/Empreses-del-costat-mar-384x287.jpg 384w, https:\/\/noupasseigmaritimdepalma.portsdebalears.com\/wp-content\/uploads\/2023\/02\/Empreses-del-costat-mar-320x239.jpg 320w, https:\/\/noupasseigmaritimdepalma.portsdebalears.com\/wp-content\/uploads\/2023\/02\/Empreses-del-costat-mar-600x450.jpg 600w, https:\/\/noupasseigmaritimdepalma.portsdebalears.com\/wp-content\/uploads\/2023\/02\/Empreses-del-costat-mar.jpg 1500w\" sizes=\"auto, (max-width: 1024px) 100vw, 1024px\" \/><\/figure>\n<\/figure>\n\n\n\n<p>Por su parte, los representantes empresariales han propuesto algunas mejoras en la ejecuci\u00f3n de las obras. El aumento de espacios reservados de carga y descarga, mayores facilidades de movilidad en transporte p\u00fablico y la ampliaci\u00f3n de los lugares de aparcamiento de autocares han sido algunas de sus aportaciones.<\/p>\n\n\n\n<p>La APB sigue as\u00ed con el constante di\u00e1logo con instituciones, vecinos y empresas relacionados con el proyecto del Nuevo Paseo Mar\u00edtimo de Palma, cumpliendo as\u00ed con su compromiso de Responsabilidad Social Corporativa (RSC) de mantener una comunicaci\u00f3n responsable, fluida y multidireccional con los sus grupos de inter\u00e9s.<\/p>\n\n\n\n<div data-wp-interactive=\"core\/file\" class=\"wp-block-file\"><object data-wp-bind--hidden=\"!state.hasPdfPreview\" hidden class=\"wp-block-file__embed\" data=\"https:\/\/noupasseigmaritimdepalma.portsdebalears.com\/wp-content\/uploads\/2023\/02\/Presentacio\u0301-Fases-NPMP-Feb-v2.pdf\" type=\"application\/pdf\" style=\"width:100%;height:600px\" aria-label=\"PDF incrustado\"><\/object><a href=\"https:\/\/noupasseigmaritimdepalma.portsdebalears.com\/wp-content\/uploads\/2023\/02\/Presentacio\u0301-Fases-NPMP-Feb-v2.pdf\" class=\"wp-block-file__button wp-element-button\" download>Baixa<\/a><\/div>\n\n\n\n<div data-wp-interactive=\"core\/file\" class=\"wp-block-file\"><object data-wp-bind--hidden=\"!state.hasPdfPreview\" hidden class=\"wp-block-file__embed\" data=\"https:\/\/noupasseigmaritimdepalma.portsdebalears.com\/wp-content\/uploads\/2023\/02\/Presentacio-Sostenibilitat-v7.pdf\" type=\"application\/pdf\" style=\"width:100%;height:600px\" aria-label=\"PDF incrustado\"><\/object><a href=\"https:\/\/noupasseigmaritimdepalma.portsdebalears.com\/wp-content\/uploads\/2023\/02\/Presentacio-Sostenibilitat-v7.pdf\" class=\"wp-block-file__button wp-element-button\" download>Baixa<\/a><\/div>\n","protected":false},"excerpt":{"rendered":"<p>Una veintena de representantes de asociaciones y empresas n\u00e1uticas y mar\u00edtimas del paseo Mar\u00edtimo se han reunido hoy mediod\u00eda con responsables t\u00e9cnicos de la Autoridad Portuaria de Baleares (APB) y del Ayuntamiento encargados del proyecto del Nuevo Paseo Mar\u00edtimo de Palma&#8230;<\/p>\n","protected":false},"author":2,"featured_media":14164,"comment_status":"open","ping_status":"open","sticky":false,"template":"","format":"standard","meta":{"footnotes":""},"categories":[77],"tags":[],"class_list":["post-14166","post","type-post","status-publish","format-standard","has-post-thumbnail","hentry","category-noticias"],"aioseo_notices":[],"_links":{"self":[{"href":"https:\/\/noupasseigmaritimdepalma.portsdebalears.com\/es\/wp-json\/wp\/v2\/posts\/14166","targetHints":{"allow":["GET"]}}],"collection":[{"href":"https:\/\/noupasseigmaritimdepalma.portsdebalears.com\/es\/wp-json\/wp\/v2\/posts"}],"about":[{"href":"https:\/\/noupasseigmaritimdepalma.portsdebalears.com\/es\/wp-json\/wp\/v2\/types\/post"}],"author":[{"embeddable":true,"href":"https:\/\/noupasseigmaritimdepalma.portsdebalears.com\/es\/wp-json\/wp\/v2\/users\/2"}],"replies":[{"embeddable":true,"href":"https:\/\/noupasseigmaritimdepalma.portsdebalears.com\/es\/wp-json\/wp\/v2\/comments?post=14166"}],"version-history":[{"count":5,"href":"https:\/\/noupasseigmaritimdepalma.portsdebalears.com\/es\/wp-json\/wp\/v2\/posts\/14166\/revisions"}],"predecessor-version":[{"id":14195,"href":"https:\/\/noupasseigmaritimdepalma.portsdebalears.com\/es\/wp-json\/wp\/v2\/posts\/14166\/revisions\/14195"}],"wp:featuredmedia":[{"embeddable":true,"href":"https:\/\/noupasseigmaritimdepalma.portsdebalears.com\/es\/wp-json\/wp\/v2\/media\/14164"}],"wp:attachment":[{"href":"https:\/\/noupasseigmaritimdepalma.portsdebalears.com\/es\/wp-json\/wp\/v2\/media?parent=14166"}],"wp:term":[{"taxonomy":"category","embeddable":true,"href":"https:\/\/noupasseigmaritimdepalma.portsdebalears.com\/es\/wp-json\/wp\/v2\/categories?post=14166"},{"taxonomy":"post_tag","embeddable":true,"href":"https:\/\/noupasseigmaritimdepalma.portsdebalears.com\/es\/wp-json\/wp\/v2\/tags?post=14166"}],"curies":[{"name":"wp","href":"https:\/\/api.w.org\/{rel}","templated":true}]}}