{"id":13204,"date":"2022-12-27T14:07:28","date_gmt":"2022-12-27T13:07:28","guid":{"rendered":"https:\/\/noupasseigmaritimdepalma.portsdebalears.com\/?p=13204"},"modified":"2023-03-23T12:33:07","modified_gmt":"2023-03-23T11:33:07","slug":"un-nuevo-paseo-una-nueva-ciudad","status":"publish","type":"post","link":"https:\/\/noupasseigmaritimdepalma.portsdebalears.com\/es\/blog-es\/un-nuevo-paseo-una-nueva-ciudad\/","title":{"rendered":"Un nuevo paseo, una nueva ciudad"},"content":{"rendered":"\n<p><strong>El eco de las reformas se expandir\u00e1 a otros lugares de Palma<\/strong><\/p>\n\n\n\n<p>Lo asegur\u00f3 recientemente El\u00edas Torres, arquitecto y cerebro del proyecto de reforma del paseo Mar\u00edtimo de Palma: \u201cEs la obra m\u00e1s importante en la ciudad desde el punto de vista paisaj\u00edstico.\u201d La opini\u00f3n del experto ibicenco est\u00e1 avalada por la realidad: Cerca de 40 millones de presupuesto, 20 meses de duraci\u00f3n de las obras, modificaciones substanciales en zonas verdes y movilidad y racionalizaci\u00f3n del tr\u00e1fico con prioridades muy claras: acercar Palma al mar y convertir el \u00e1rea en un espacio hegem\u00f3nico para los peatones.<\/p>\n\n\n\n<p>Es dif\u00edcil encontrar otra actuaci\u00f3n urban\u00edstica en Palma con la misma dimensi\u00f3n y trascendencia. La expresi\u00f3n \u201cde avenida a boulevard\u201d, utilizada por un conocido medio de comunicaci\u00f3n local, define con precisi\u00f3n los cambios que transformar\u00e1n este espacio urbano en \u201cotra cosa\u201d, diferente del estilo del actual dise\u00f1o.<\/p>\n\n\n\n<p>La reducci\u00f3n de los carriles de circulaci\u00f3n \u2014de cuatro a dos por sentido\u00ad\u2014 ser\u00e1 una de las actuaciones decisivas para conseguir un nuevo paseo m\u00e1s amable y libre de muchos de los veh\u00edculos que circulan actualmente por su trazado. Como suele ocurrir en cualquier obra estrat\u00e9gica, diversos colectivos ya han manifestado su preocupaci\u00f3n por los posibles problemas derivados de estas obras. Una reacci\u00f3n habitual en la pr\u00e1ctica totalidad de las reformas urbanas que suponen modificaciones profundas del cuerpo de la ciudad. Hablamos de un eje estrat\u00e9gico que, una vez reformado, expandir\u00e1 su influencia a muchas otras \u00e1reas de Palma.<\/p>\n\n\n\n<p>Vecinos, comerciantes, transportistas y empresarios, entre otros grupos con diferentes intereses en la zona, dispondr\u00e1n de alternativas y propuestas para reducir los efectos y molestias de estas obras. Ser\u00e1 el peaje temporal que se tendr\u00e1 que pagar ahora para disponer en el futuro de un nuevo paseo inscrito en el siglo XXI. Un paseo moderno y sostenible. Una renovada arteria urbana para todos y todas.<\/p>\n","protected":false},"excerpt":{"rendered":"<p>El eco de las reformas se expandir\u00e1 a otros lugares de Palma Lo asegur\u00f3 recientemente El\u00edas Torres, arquitecto y cerebro del proyecto de reforma del paseo Mar\u00edtimo de Palma: \u201cEs la obra m\u00e1s importante en la ciudad desde el punto de&#8230;<\/p>\n","protected":false},"author":2,"featured_media":12352,"comment_status":"open","ping_status":"open","sticky":false,"template":"","format":"standard","meta":{"footnotes":""},"categories":[78],"tags":[],"class_list":["post-13204","post","type-post","status-publish","format-standard","has-post-thumbnail","hentry","category-blog-es"],"aioseo_notices":[],"_links":{"self":[{"href":"https:\/\/noupasseigmaritimdepalma.portsdebalears.com\/es\/wp-json\/wp\/v2\/posts\/13204","targetHints":{"allow":["GET"]}}],"collection":[{"href":"https:\/\/noupasseigmaritimdepalma.portsdebalears.com\/es\/wp-json\/wp\/v2\/posts"}],"about":[{"href":"https:\/\/noupasseigmaritimdepalma.portsdebalears.com\/es\/wp-json\/wp\/v2\/types\/post"}],"author":[{"embeddable":true,"href":"https:\/\/noupasseigmaritimdepalma.portsdebalears.com\/es\/wp-json\/wp\/v2\/users\/2"}],"replies":[{"embeddable":true,"href":"https:\/\/noupasseigmaritimdepalma.portsdebalears.com\/es\/wp-json\/wp\/v2\/comments?post=13204"}],"version-history":[{"count":1,"href":"https:\/\/noupasseigmaritimdepalma.portsdebalears.com\/es\/wp-json\/wp\/v2\/posts\/13204\/revisions"}],"predecessor-version":[{"id":13205,"href":"https:\/\/noupasseigmaritimdepalma.portsdebalears.com\/es\/wp-json\/wp\/v2\/posts\/13204\/revisions\/13205"}],"wp:featuredmedia":[{"embeddable":true,"href":"https:\/\/noupasseigmaritimdepalma.portsdebalears.com\/es\/wp-json\/wp\/v2\/media\/12352"}],"wp:attachment":[{"href":"https:\/\/noupasseigmaritimdepalma.portsdebalears.com\/es\/wp-json\/wp\/v2\/media?parent=13204"}],"wp:term":[{"taxonomy":"category","embeddable":true,"href":"https:\/\/noupasseigmaritimdepalma.portsdebalears.com\/es\/wp-json\/wp\/v2\/categories?post=13204"},{"taxonomy":"post_tag","embeddable":true,"href":"https:\/\/noupasseigmaritimdepalma.portsdebalears.com\/es\/wp-json\/wp\/v2\/tags?post=13204"}],"curies":[{"name":"wp","href":"https:\/\/api.w.org\/{rel}","templated":true}]}}