{"id":13124,"date":"2022-11-18T16:43:13","date_gmt":"2022-11-18T15:43:13","guid":{"rendered":"https:\/\/noupasseigmaritimdepalma.portsdebalears.com\/general\/comencen-les-obres-del-nou-passeig-maritim-de-palma\/"},"modified":"2023-03-23T12:24:14","modified_gmt":"2023-03-23T11:24:14","slug":"comienzan-las-obras-del-nuevo-paseo-maritimo-de-palma","status":"publish","type":"post","link":"https:\/\/noupasseigmaritimdepalma.portsdebalears.com\/es\/noticias\/comienzan-las-obras-del-nuevo-paseo-maritimo-de-palma\/","title":{"rendered":"Comienzan las obras del Nou Passeig Mar\u00edtim de Palma"},"content":{"rendered":"\n<p>La fase previa durar\u00e1 hasta pasadas las fiestas de Navidad<\/p>\n\n\n\n<p>Tal y como estaba previsto, las obras de remodelaci\u00f3n del paseo Mar\u00edtimo de Palma han comenzado este viernes 18 de noviembre, un mes despu\u00e9s de la firma del contrato con la UTE formada por las empresas mallorquinas Melchor Mascar\u00f3, Vopsa, Urbient y Aglomsa, y al d\u00eda siguiente de que se suscribiera el acta de comprobaci\u00f3n de replanteo.<\/p>\n\n\n\n<p>Una vez finalizadas las reuniones de planificaci\u00f3n de los agentes implicados en la obra, las primeras intervenciones de se\u00f1alizaci\u00f3n y colocaci\u00f3n de barreras han tenido lugar a \u00faltima hora de la ma\u00f1ana en la zona de Paraires.<\/p>\n\n\n\n<p>La obra de remodelaci\u00f3n constar\u00e1 de tres fases de ejecuci\u00f3n, m\u00e1s una inicial de preparaci\u00f3n. Esta fase 0, que es la que ha comenzado hoy y que durar\u00e1 hasta principios de 2023, ejecutar\u00e1 las actuaciones previas necesarias para iniciar las obras, como los accesos a vados, remoci\u00f3n de algunos bordillos, se\u00f1alizaci\u00f3n y colocaci\u00f3n de barreras y traslado provisional de paradas de bus y sem\u00e1foros. Las plazas de aparcamiento no se ver\u00e1n afectadas hasta despu\u00e9s de las fiestas navide\u00f1as (<a href=\"https:\/\/www.portsdebalears.com\/sites\/default\/files\/03.%20Presentaci%C3%B3%20fases%20Passeig%20mar%C3%ADtim_final3_compressed.pdf\"><em>ver documento<\/em><\/a>).<\/p>\n\n\n<div class=\"wp-block-image\">\n<figure class=\"aligncenter size-large is-resized\"><img loading=\"lazy\" decoding=\"async\" src=\"https:\/\/noupasseigmaritimdepalma.portsdebalears.com\/wp-content\/uploads\/2022\/11\/logo-nou-passeig-maritim-1024x692.jpg\" alt=\"Passeig Maritim New 9\" class=\"wp-image-11978\" width=\"434\" height=\"293\" srcset=\"https:\/\/noupasseigmaritimdepalma.portsdebalears.com\/wp-content\/uploads\/2022\/11\/logo-nou-passeig-maritim-1024x692.jpg 1024w, https:\/\/noupasseigmaritimdepalma.portsdebalears.com\/wp-content\/uploads\/2022\/11\/logo-nou-passeig-maritim-300x203.jpg 300w, https:\/\/noupasseigmaritimdepalma.portsdebalears.com\/wp-content\/uploads\/2022\/11\/logo-nou-passeig-maritim-768x519.jpg 768w, https:\/\/noupasseigmaritimdepalma.portsdebalears.com\/wp-content\/uploads\/2022\/11\/logo-nou-passeig-maritim-600x406.jpg 600w, https:\/\/noupasseigmaritimdepalma.portsdebalears.com\/wp-content\/uploads\/2022\/11\/logo-nou-passeig-maritim.jpg 1089w\" sizes=\"auto, (max-width: 434px) 100vw, 434px\" \/><\/figure><\/div>\n\n\n<p>La APB ha puesto en marcha un plan de gesti\u00f3n de informaci\u00f3n para mantener informados puntualmente a usuarios, vecinos, empresarios y a la sociedad en general del desarrollo de las obras y las acciones futuras que puedan afectarles a trav\u00e9s del portal web noupasseigmaritimdepalma.portsdebalears.com. <\/p>\n\n\n\n<p>En la plataforma digital que se ha habilitado hoy se publicar\u00e1n informaciones del proyecto, as\u00ed como avisos de inter\u00e9s p\u00fablico seg\u00fan avancen las obras (<a href=\"https:\/\/www.portsdebalears.com\/sites\/default\/files\/02.%20Presentaci%C3%B3%20PGI%20Passeig%20mar%C3%ADtim_final.pdf\"><em>ver documento<\/em><\/a>).<\/p>\n\n\n\n<figure class=\"wp-block-gallery has-nested-images columns-default is-cropped wp-block-gallery-1 is-layout-flex wp-block-gallery-is-layout-flex\">\n<figure class=\"wp-block-image size-large\"><img loading=\"lazy\" decoding=\"async\" width=\"1024\" height=\"683\" data-id=\"11984\" src=\"https:\/\/noupasseigmaritimdepalma.portsdebalears.com\/wp-content\/uploads\/2022\/11\/inici-obres-2-1024x683.jpg\" alt=\"Inici Obres - grua\" class=\"wp-image-11984\" srcset=\"https:\/\/noupasseigmaritimdepalma.portsdebalears.com\/wp-content\/uploads\/2022\/11\/inici-obres-2-1024x683.jpg 1024w, https:\/\/noupasseigmaritimdepalma.portsdebalears.com\/wp-content\/uploads\/2022\/11\/inici-obres-2-300x200.jpg 300w, https:\/\/noupasseigmaritimdepalma.portsdebalears.com\/wp-content\/uploads\/2022\/11\/inici-obres-2-768x512.jpg 768w, https:\/\/noupasseigmaritimdepalma.portsdebalears.com\/wp-content\/uploads\/2022\/11\/inici-obres-2-1536x1024.jpg 1536w, https:\/\/noupasseigmaritimdepalma.portsdebalears.com\/wp-content\/uploads\/2022\/11\/inici-obres-2-600x400.jpg 600w, https:\/\/noupasseigmaritimdepalma.portsdebalears.com\/wp-content\/uploads\/2022\/11\/inici-obres-2.jpg 1620w\" sizes=\"auto, (max-width: 1024px) 100vw, 1024px\" \/><\/figure>\n<\/figure>\n","protected":false},"excerpt":{"rendered":"<p>La fase previa durar\u00e1 hasta pasadas las fiestas de Navidad Tal y como estaba previsto, las obras de remodelaci\u00f3n del paseo Mar\u00edtimo de Palma han comenzado este viernes 18 de noviembre, un mes despu\u00e9s de la firma del contrato con la&#8230;<\/p>\n","protected":false},"author":1,"featured_media":11983,"comment_status":"open","ping_status":"open","sticky":false,"template":"","format":"standard","meta":{"footnotes":""},"categories":[77],"tags":[],"class_list":["post-13124","post","type-post","status-publish","format-standard","has-post-thumbnail","hentry","category-noticias"],"aioseo_notices":[],"_links":{"self":[{"href":"https:\/\/noupasseigmaritimdepalma.portsdebalears.com\/es\/wp-json\/wp\/v2\/posts\/13124","targetHints":{"allow":["GET"]}}],"collection":[{"href":"https:\/\/noupasseigmaritimdepalma.portsdebalears.com\/es\/wp-json\/wp\/v2\/posts"}],"about":[{"href":"https:\/\/noupasseigmaritimdepalma.portsdebalears.com\/es\/wp-json\/wp\/v2\/types\/post"}],"author":[{"embeddable":true,"href":"https:\/\/noupasseigmaritimdepalma.portsdebalears.com\/es\/wp-json\/wp\/v2\/users\/1"}],"replies":[{"embeddable":true,"href":"https:\/\/noupasseigmaritimdepalma.portsdebalears.com\/es\/wp-json\/wp\/v2\/comments?post=13124"}],"version-history":[{"count":3,"href":"https:\/\/noupasseigmaritimdepalma.portsdebalears.com\/es\/wp-json\/wp\/v2\/posts\/13124\/revisions"}],"predecessor-version":[{"id":13141,"href":"https:\/\/noupasseigmaritimdepalma.portsdebalears.com\/es\/wp-json\/wp\/v2\/posts\/13124\/revisions\/13141"}],"wp:featuredmedia":[{"embeddable":true,"href":"https:\/\/noupasseigmaritimdepalma.portsdebalears.com\/es\/wp-json\/wp\/v2\/media\/11983"}],"wp:attachment":[{"href":"https:\/\/noupasseigmaritimdepalma.portsdebalears.com\/es\/wp-json\/wp\/v2\/media?parent=13124"}],"wp:term":[{"taxonomy":"category","embeddable":true,"href":"https:\/\/noupasseigmaritimdepalma.portsdebalears.com\/es\/wp-json\/wp\/v2\/categories?post=13124"},{"taxonomy":"post_tag","embeddable":true,"href":"https:\/\/noupasseigmaritimdepalma.portsdebalears.com\/es\/wp-json\/wp\/v2\/tags?post=13124"}],"curies":[{"name":"wp","href":"https:\/\/api.w.org\/{rel}","templated":true}]}}