{"id":13119,"date":"2022-12-02T15:00:00","date_gmt":"2022-12-02T14:00:00","guid":{"rendered":"https:\/\/noupasseigmaritimdepalma.portsdebalears.com\/general\/lapb-i-lajuntament-de-palma-habilitaran-tres-aparcaments-dissuasius-amb-capacitat-per-a-mes-de-mil-vehicles-a-la-zona-del-passeig-maritim-i-es-reforcara-la-frequencia-de-lem\/"},"modified":"2023-03-23T12:27:45","modified_gmt":"2023-03-23T11:27:45","slug":"3-aparcamientos-disuasorios-para-mas-de-mil-vehiculos-y-mas-frecuencia-de-la-emt","status":"publish","type":"post","link":"https:\/\/noupasseigmaritimdepalma.portsdebalears.com\/es\/noticias\/3-aparcamientos-disuasorios-para-mas-de-mil-vehiculos-y-mas-frecuencia-de-la-emt\/","title":{"rendered":"3 aparcamientos disuasorios  para m\u00e1s de mil veh\u00edculos y m\u00e1s frecuencia de la EMT"},"content":{"rendered":"\n<p>Representantes de Autoridad Portuaria de Baleares y del \u00c1rea de Infraestructuras del Ayuntamiento se han reunido hoy con los grupos de inter\u00e9s implicados en el proyecto<\/p>\n\n\n\n<p>Representantes de la Autoridad Portuaria de Baleares (APB) y del Ayuntamiento de Palma se han reunido hoy con los grupos de inter\u00e9s implicados en la remodelaci\u00f3n del nuevo paseo Mar\u00edtimo para trasladarlos diferentes cuestiones relacionadas con la movilidad. Al encuentro asistieron la concejala de Infraestructuras y Accesibilidad, Ang\u00e9lica Pastor, y el jefe de Planificaci\u00f3n e Infraestructuras de la APB, Antoni Ginard.<\/p>\n\n\n\n<p>As\u00ed, por parte de Cort se ha explicado que se han localizado dos solares en la zona que se habilitar\u00e1n como aparcamientos disuasorios temporales con una capacidad para unos 950 veh\u00edculos. Las \u00e1reas de Infraestructuras, Movilidad y Modelo de Ciudad, Vivienda Digna y Sostenibilidad se han coordinado para poder llevar a cabo las actuaciones en ambos solares.<\/p>\n\n\n\n<p>Por su parte, la APB efectuar\u00e1 una retirada paulatina de las plazas de aparcamiento para adaptarse a la habilitaci\u00f3n de los nuevos emplazamientos propuestos y&nbsp;<strong>se mantendr\u00e1n 108 plazas de aparcamiento en el lado mar durante toda la fase 1 de la obra<\/strong>&nbsp;(finales de 2023) y la fase 2 (primer semestre de 2024). As\u00ed, se mantienen 92 plazas de aparcamiento, m\u00e1s 9 estacionamientos de carga y descarga y 7 para personas con movilidad reducida.<\/p>\n\n\n\n<p>Un primer&nbsp;<strong>solar disuasorio se habilitar\u00e1 en la calle Federico Garc\u00eda Lorca<\/strong>&nbsp;con capacidad para unos 150 aparcamientos. El Ayuntamiento de Palma est\u00e1 llevando a cabo una serie de mejoras para que pueda entrar en funcionamiento a principios de 2023. Se limpiar\u00e1 el solar, se instalar\u00e1 alumbrado, se arreglar\u00e1n las barandillas, se corregir\u00e1 el desnivel, se adecuar\u00e1 el terreno y se ordenar\u00e1n las plazas.<\/p>\n\n\n\n<p>Tambi\u00e9n se abrir\u00e1 al p\u00fablico el&nbsp;<strong>estacionamiento del muelle de Les Golondrinas<\/strong>, con capacidad para 80 veh\u00edculos.<\/p>\n\n\n\n<p>Adem\u00e1s, se dispondr\u00e1 de un<strong>&nbsp;solar al lado CLH de 30.000 metros cuadrados con capacidad para unas 800 plazas<\/strong>. Ahora se pondr\u00e1 en marcha la tramitaci\u00f3n administrativa para habilitarlo como estacionamiento disuasivo temporal para el acceso a la franja de Poniente de la ciudad. Las tareas que se llevar\u00e1n a cabo son habilitar la red de recogida de aguas, instalar iluminaci\u00f3n y pavimentar, entre otras. Se mantendr\u00e1 el arbolado existente. La previsi\u00f3n es que pueda estar operativo en el primer trimestre de 2023.<\/p>\n\n\n\n<figure class=\"wp-block-image size-large is-resized\"><img loading=\"lazy\" decoding=\"async\" src=\"https:\/\/noupasseigmaritimdepalma.portsdebalears.com\/wp-content\/uploads\/2022\/12\/02122022-1-1024x683.jpeg\" alt=\"\" class=\"wp-image-12648\" width=\"777\" height=\"518\" srcset=\"https:\/\/noupasseigmaritimdepalma.portsdebalears.com\/wp-content\/uploads\/2022\/12\/02122022-1-1024x683.jpeg 1024w, https:\/\/noupasseigmaritimdepalma.portsdebalears.com\/wp-content\/uploads\/2022\/12\/02122022-1-300x200.jpeg 300w, https:\/\/noupasseigmaritimdepalma.portsdebalears.com\/wp-content\/uploads\/2022\/12\/02122022-1-768x512.jpeg 768w, https:\/\/noupasseigmaritimdepalma.portsdebalears.com\/wp-content\/uploads\/2022\/12\/02122022-1-1536x1024.jpeg 1536w, https:\/\/noupasseigmaritimdepalma.portsdebalears.com\/wp-content\/uploads\/2022\/12\/02122022-1-2048x1365.jpeg 2048w, https:\/\/noupasseigmaritimdepalma.portsdebalears.com\/wp-content\/uploads\/2022\/12\/02122022-1-600x400.jpeg 600w\" sizes=\"auto, (max-width: 777px) 100vw, 777px\" \/><\/figure>\n\n\n\n<p>Este aparcamiento estar\u00e1 conectado con la l\u00ednea 1 de la EMT, que reforzar\u00e1 su frecuencia, y que actualmente da servicio a la zona y que la conecta con el centro de la ciudad.<\/p>\n\n\n\n<p>Paralelamente,&nbsp;<strong>la APB mantendr\u00e1 durante el primer trimestre las bolsas de aparcamiento de la media del paseo<\/strong>, mientras se habilita el aparcamiento disuasivo de Ponent. Concretamente las bolsas de aparcamiento est\u00e1n situadas a la altura de la pl. Mediterr\u00e1nea, Marina Puerto de Mallorca, Aigo Dol\u00e7a y Audit\u00f3rium.<\/p>\n\n\n\n<p>Cabe recordar que en la zona, adem\u00e1s de los nuevos aparcamientos que se habilitar\u00e1n, existen otros estacionamientos como el aparcamiento municipal de Marqu\u00e8s de la S\u00e8nia, el aparcamiento de la Estaci\u00f3n Mar\u00edtima o el aparcamiento Joan Mir\u00f3 55, entre otros. Adem\u00e1s, a partir de 2024 ya estar\u00e1 operativo el de s&#8217;Aigo Dol\u00e7a con capacidad para 117 veh\u00edculos.<\/p>\n\n\n\n<p>Una vez acaben las obras del nuevo paseo Mar\u00edtimo, se instalar\u00e1n cuatro estaciones de Bicipalma.<\/p>\n\n\n\n<p><strong>Cuatro carriles de circulaci\u00f3n<\/strong><\/p>\n\n\n\n<p>En cuanto a la circulaci\u00f3n, se mantendr\u00e1n cuatro carriles (dos por sentido) en todo el trazado y durante pr\u00e1cticamente toda la obra, tal y como suced\u00eda hasta ahora. Adem\u00e1s, en estos momentos se est\u00e1n ejecutando actuaciones puntuales sobre la acera actual lado mar para permitir su conversi\u00f3n en calzada.<\/p>\n\n\n\n<p><strong>Un paseo peatonal<\/strong><\/p>\n\n\n\n<p>El proyecto del paseo Mar\u00edtimo se define como \u201cun paseo para el peat\u00f3n\u201d. As\u00ed, se pasar\u00e1 de un 29,5% de espacio peatonal a un 39,7%, y las aceras de la zona m\u00e1s alejada del mar, que ahora tienen una anchura de entre 2 metros y medio a 5 metros, pasar\u00e1n a ser de 5 a 10 metros. De esta forma, se garantiza la compatibilidad de usos como terrazas, zonas verdes, aparcamiento, paradas de bus, contenedores, etc. sin interferir en el peat\u00f3n.<\/p>\n\n\n\n<div data-wp-interactive=\"core\/file\" class=\"wp-block-file\"><object data-wp-bind--hidden=\"!state.hasPdfPreview\" hidden class=\"wp-block-file__embed\" data=\"https:\/\/noupasseigmaritimdepalma.portsdebalears.com\/wp-content\/uploads\/2022\/12\/Presentacio_Nova_Mobilitat.pdf\" type=\"application\/pdf\" style=\"width:100%;height:600px\" aria-label=\"Incrustado de Reunion_coordinacion_afectados_Paseo_Mar\u00edtimo_2022-3-24.\"><\/object><a id=\"wp-block-file--media-e12fcf80-b3ce-4b21-9bec-ccd6c761c697\" href=\"https:\/\/noupasseigmaritimdepalma.portsdebalears.com\/wp-content\/uploads\/2022\/12\/Presentacio_Nova_Mobilitat.pdf\">Reunion_coordinacion_afectados_Paseo_Mar\u00edtimo_2022-3-24<\/a><a href=\"https:\/\/noupasseigmaritimdepalma.portsdebalears.com\/wp-content\/uploads\/2022\/12\/Presentacio_Nova_Mobilitat.pdf\" class=\"wp-block-file__button wp-element-button\" download aria-describedby=\"wp-block-file--media-e12fcf80-b3ce-4b21-9bec-ccd6c761c697\">Baixa<\/a><\/div>\n\n\n\n<p><\/p>\n","protected":false},"excerpt":{"rendered":"<p>Representantes de Autoridad Portuaria de Baleares y del \u00c1rea de Infraestructuras del Ayuntamiento se han reunido hoy con los grupos de inter\u00e9s implicados en el proyecto Representantes de la Autoridad Portuaria de Baleares (APB) y del Ayuntamiento de Palma se han&#8230;<\/p>\n","protected":false},"author":2,"featured_media":12650,"comment_status":"open","ping_status":"open","sticky":false,"template":"","format":"standard","meta":{"footnotes":""},"categories":[77],"tags":[],"class_list":["post-13119","post","type-post","status-publish","format-standard","has-post-thumbnail","hentry","category-noticias"],"aioseo_notices":[],"_links":{"self":[{"href":"https:\/\/noupasseigmaritimdepalma.portsdebalears.com\/es\/wp-json\/wp\/v2\/posts\/13119","targetHints":{"allow":["GET"]}}],"collection":[{"href":"https:\/\/noupasseigmaritimdepalma.portsdebalears.com\/es\/wp-json\/wp\/v2\/posts"}],"about":[{"href":"https:\/\/noupasseigmaritimdepalma.portsdebalears.com\/es\/wp-json\/wp\/v2\/types\/post"}],"author":[{"embeddable":true,"href":"https:\/\/noupasseigmaritimdepalma.portsdebalears.com\/es\/wp-json\/wp\/v2\/users\/2"}],"replies":[{"embeddable":true,"href":"https:\/\/noupasseigmaritimdepalma.portsdebalears.com\/es\/wp-json\/wp\/v2\/comments?post=13119"}],"version-history":[{"count":3,"href":"https:\/\/noupasseigmaritimdepalma.portsdebalears.com\/es\/wp-json\/wp\/v2\/posts\/13119\/revisions"}],"predecessor-version":[{"id":15013,"href":"https:\/\/noupasseigmaritimdepalma.portsdebalears.com\/es\/wp-json\/wp\/v2\/posts\/13119\/revisions\/15013"}],"wp:featuredmedia":[{"embeddable":true,"href":"https:\/\/noupasseigmaritimdepalma.portsdebalears.com\/es\/wp-json\/wp\/v2\/media\/12650"}],"wp:attachment":[{"href":"https:\/\/noupasseigmaritimdepalma.portsdebalears.com\/es\/wp-json\/wp\/v2\/media?parent=13119"}],"wp:term":[{"taxonomy":"category","embeddable":true,"href":"https:\/\/noupasseigmaritimdepalma.portsdebalears.com\/es\/wp-json\/wp\/v2\/categories?post=13119"},{"taxonomy":"post_tag","embeddable":true,"href":"https:\/\/noupasseigmaritimdepalma.portsdebalears.com\/es\/wp-json\/wp\/v2\/tags?post=13119"}],"curies":[{"name":"wp","href":"https:\/\/api.w.org\/{rel}","templated":true}]}}